{"id":1745,"date":"2017-05-04T23:06:25","date_gmt":"2017-05-04T21:06:25","guid":{"rendered":"http:\/\/www.progettosofia.com\/?p=1745"},"modified":"2017-05-04T23:39:44","modified_gmt":"2017-05-04T21:39:44","slug":"evento-26-maggio-2017","status":"publish","type":"post","link":"http:\/\/www.progettosofia.com\/?p=1745","title":{"rendered":"Evento 26 maggio 2017"},"content":{"rendered":"<h2 style=\"text-align: center;\">&#8220;Progetto Sofia&#8221;<\/h2>\n<h2 style=\"text-align: center;\">Serata per i Bambini<\/h2>\n<h2 style=\"text-align: center;\">(Myanmar &#8211; Congo &#8211; Iraq &#8211; Sudan)<\/h2>\n<h2 style=\"text-align: center;\">Partecipate alla Cena di Beneficenza<\/h2>\n<p style=\"text-align: center;\">(Prenotare entro il 24 maggio)<\/p>\n<p style=\"text-align: center;\"><strong>Men\u00f9 30,00 euro &#8211; Men\u00f9 bambini 10,00 euro<br \/>\n<\/strong><\/p>\n<p style=\"text-align: center;\"><strong>Centro Del Bianco di Misano Adriatico in Via del Carro<\/strong><\/p>\n<h2 style=\"text-align: center;\"><strong>Venerd\u00ec 26 maggio <strong>2017, <\/strong>ore 20,00<\/strong><\/h2>\n<p>&nbsp;<\/p>\n<p style=\"text-align: center;\"><strong>Informazioni e prenotazioni:<\/strong><\/p>\n<p style=\"text-align: center;\"><strong>388 7644863 (Mauro) &#8211; 347 1079544 (Gigliola)<\/strong><\/p>\n<p style=\"text-align: center;\"><a href=\"http:\/\/www.progettosofia.com\/wp-content\/uploads\/2017\/05\/cena-beneficenza-26_05_2107.jpg\"><img loading=\"lazy\" decoding=\"async\" class=\"aligncenter wp-image-1744 size-medium\" src=\"http:\/\/www.progettosofia.com\/wp-content\/uploads\/2017\/05\/cena-beneficenza-26_05_2107-218x300.jpg\" alt=\"cena-beneficenza-26_05_2107\" width=\"218\" height=\"300\" srcset=\"http:\/\/www.progettosofia.com\/wp-content\/uploads\/2017\/05\/cena-beneficenza-26_05_2107-218x300.jpg 218w, http:\/\/www.progettosofia.com\/wp-content\/uploads\/2017\/05\/cena-beneficenza-26_05_2107-768x1055.jpg 768w, http:\/\/www.progettosofia.com\/wp-content\/uploads\/2017\/05\/cena-beneficenza-26_05_2107-746x1024.jpg 746w, http:\/\/www.progettosofia.com\/wp-content\/uploads\/2017\/05\/cena-beneficenza-26_05_2107.jpg 900w\" sizes=\"(max-width: 218px) 100vw, 218px\" \/><\/a><\/p>\n","protected":false},"excerpt":{"rendered":"<p>&#8220;Progetto Sofia&#8221; Serata per i Bambini (Myanmar &#8211; Congo &#8211; Iraq &#8211; Sudan) Partecipate alla Cena di Beneficenza (Prenotare entro il 24 maggio) Men\u00f9 30,00 euro &#8211; Men\u00f9 bambini 10,00 euro Centro Del Bianco di Misano Adriatico in Via del Carro Venerd\u00ec 26 maggio 2017, ore 20,00 &nbsp; Informazioni e prenotazioni: 388 7644863 (Mauro) &#8211; &hellip; <a href=\"http:\/\/www.progettosofia.com\/?p=1745\" class=\"more-link\">Continua la lettura di <span class=\"screen-reader-text\">Evento 26 maggio 2017<\/span> <span class=\"meta-nav\">&rarr;<\/span><\/a><\/p>\n","protected":false},"author":1,"featured_media":0,"comment_status":"closed","ping_status":"closed","sticky":false,"template":"","format":"standard","meta":{"footnotes":""},"categories":[4],"tags":[],"class_list":["post-1745","post","type-post","status-publish","format-standard","hentry","category-eventi"],"_links":{"self":[{"href":"http:\/\/www.progettosofia.com\/index.php?rest_route=\/wp\/v2\/posts\/1745"}],"collection":[{"href":"http:\/\/www.progettosofia.com\/index.php?rest_route=\/wp\/v2\/posts"}],"about":[{"href":"http:\/\/www.progettosofia.com\/index.php?rest_route=\/wp\/v2\/types\/post"}],"author":[{"embeddable":true,"href":"http:\/\/www.progettosofia.com\/index.php?rest_route=\/wp\/v2\/users\/1"}],"replies":[{"embeddable":true,"href":"http:\/\/www.progettosofia.com\/index.php?rest_route=%2Fwp%2Fv2%2Fcomments&post=1745"}],"version-history":[{"count":5,"href":"http:\/\/www.progettosofia.com\/index.php?rest_route=\/wp\/v2\/posts\/1745\/revisions"}],"predecessor-version":[{"id":1750,"href":"http:\/\/www.progettosofia.com\/index.php?rest_route=\/wp\/v2\/posts\/1745\/revisions\/1750"}],"wp:attachment":[{"href":"http:\/\/www.progettosofia.com\/index.php?rest_route=%2Fwp%2Fv2%2Fmedia&parent=1745"}],"wp:term":[{"taxonomy":"category","embeddable":true,"href":"http:\/\/www.progettosofia.com\/index.php?rest_route=%2Fwp%2Fv2%2Fcategories&post=1745"},{"taxonomy":"post_tag","embeddable":true,"href":"http:\/\/www.progettosofia.com\/index.php?rest_route=%2Fwp%2Fv2%2Ftags&post=1745"}],"curies":[{"name":"wp","href":"https:\/\/api.w.org\/{rel}","templated":true}]}}